{"id":1000,"date":"2020-05-01T11:20:15","date_gmt":"2020-05-01T14:20:15","guid":{"rendered":"https:\/\/resocie.org\/?p=1000"},"modified":"2020-05-01T11:20:15","modified_gmt":"2020-05-01T14:20:15","slug":"comunicacao-produzida-nos-territorios-enfrenta-rede-de-desinformacao-sobre-o-coronavirus","status":"publish","type":"post","link":"http:\/\/en.resocie.org\/index.php\/2020\/05\/01\/comunicacao-produzida-nos-territorios-enfrenta-rede-de-desinformacao-sobre-o-coronavirus\/","title":{"rendered":"Comunica\u00e7\u00e3o produzida nos territ\u00f3rios enfrenta rede de desinforma\u00e7\u00e3o sobre o coronav\u00edrus"},"content":{"rendered":"\n<p>Artigo de La\u00e9rcio Portela apresenta v\u00e1rias iniciativas de comunica\u00e7\u00e3o popular e mobiliza\u00e7\u00e3o nas periferias de Pernambuco: &#8220;A prolifera\u00e7\u00e3o da desinforma\u00e7\u00e3o nas redes sociais tem sido um dos principais problemas enfrentados por quem est\u00e1 na ponta, nos territ\u00f3rios, fazendo comunica\u00e7\u00e3o direta com as comunidades&#8221;. Continue lendo no site do Marco Zero, <a href=\"http:\/\/marcozero.org\/comunicacao-produzida-nos-territorios-enfrenta-rede-de-desinformacao-sobre-o-coronavirus\/\" target=\"_blank\" rel=\"noreferrer noopener\">aqui<\/a>.<\/p>\n","protected":false},"excerpt":{"rendered":"<p>Artigo de La\u00e9rcio Portela apresenta v\u00e1rias iniciativas de comunica\u00e7\u00e3o popular e mobiliza\u00e7\u00e3o nas periferias de Pernambuco: &#8220;A prolifera\u00e7\u00e3o da desinforma\u00e7\u00e3o nas redes sociais tem sido um dos principais problemas enfrentados por quem est\u00e1 na ponta, nos territ\u00f3rios, fazendo comunica\u00e7\u00e3o direta<\/p>\n","protected":false},"author":1,"featured_media":0,"comment_status":"open","ping_status":"open","sticky":false,"template":"","format":"standard","meta":{"om_disable_all_campaigns":false,"_monsterinsights_skip_tracking":false,"_monsterinsights_sitenote_active":false,"_monsterinsights_sitenote_note":"","_monsterinsights_sitenote_category":0},"categories":[2],"tags":[],"_links":{"self":[{"href":"http:\/\/en.resocie.org\/index.php\/wp-json\/wp\/v2\/posts\/1000"}],"collection":[{"href":"http:\/\/en.resocie.org\/index.php\/wp-json\/wp\/v2\/posts"}],"about":[{"href":"http:\/\/en.resocie.org\/index.php\/wp-json\/wp\/v2\/types\/post"}],"author":[{"embeddable":true,"href":"http:\/\/en.resocie.org\/index.php\/wp-json\/wp\/v2\/users\/1"}],"replies":[{"embeddable":true,"href":"http:\/\/en.resocie.org\/index.php\/wp-json\/wp\/v2\/comments?post=1000"}],"version-history":[{"count":0,"href":"http:\/\/en.resocie.org\/index.php\/wp-json\/wp\/v2\/posts\/1000\/revisions"}],"wp:attachment":[{"href":"http:\/\/en.resocie.org\/index.php\/wp-json\/wp\/v2\/media?parent=1000"}],"wp:term":[{"taxonomy":"category","embeddable":true,"href":"http:\/\/en.resocie.org\/index.php\/wp-json\/wp\/v2\/categories?post=1000"},{"taxonomy":"post_tag","embeddable":true,"href":"http:\/\/en.resocie.org\/index.php\/wp-json\/wp\/v2\/tags?post=1000"}],"curies":[{"name":"wp","href":"https:\/\/api.w.org\/{rel}","templated":true}]}}