{"id":1185,"date":"2020-05-17T05:53:53","date_gmt":"2020-05-17T08:53:53","guid":{"rendered":"https:\/\/resocie.org\/?p=1185"},"modified":"2020-05-17T05:53:53","modified_gmt":"2020-05-17T08:53:53","slug":"a-pandemia-e-o-estado-que-queremos","status":"publish","type":"post","link":"http:\/\/en.resocie.org\/index.php\/2020\/05\/17\/a-pandemia-e-o-estado-que-queremos\/","title":{"rendered":"A Pandemia e o Estado que Queremos"},"content":{"rendered":"\n<p>Rebecca Abers e Marisa von B\u00fclow, no El Pais: &#8220;A aus\u00eancia de uma frente unificada de partidos e l\u00edderes pol\u00edticos sobre o melhor caminho a adotar para enfrentar a crise s\u00f3 contribui para dificultar ainda mais a a\u00e7\u00e3o estatal, pese aos esfor\u00e7os de muitas autoridades locais. O resultado \u00e9 um Estado err\u00e1tico e inconsistente, incapaz de proteger grande parte da popula\u00e7\u00e3o da doen\u00e7a e dos efeitos econ\u00f4micos da pandemia.&#8221; Continue lendo <a href=\"https:\/\/brasil.elpais.com\/opiniao\/2020-05-16\/a-pandemia-e-o-estado-que-queremos.html\" target=\"_blank\" rel=\"noreferrer noopener\">aqui<\/a>.<\/p>\n","protected":false},"excerpt":{"rendered":"<p>Rebecca Abers e Marisa von B\u00fclow, no El Pais: &#8220;A aus\u00eancia de uma frente unificada de partidos e l\u00edderes pol\u00edticos sobre o melhor caminho a adotar para enfrentar a crise s\u00f3 contribui para dificultar ainda mais a a\u00e7\u00e3o estatal, pese<\/p>\n","protected":false},"author":1,"featured_media":0,"comment_status":"open","ping_status":"open","sticky":false,"template":"","format":"standard","meta":{"om_disable_all_campaigns":false,"_monsterinsights_skip_tracking":false,"_monsterinsights_sitenote_active":false,"_monsterinsights_sitenote_note":"","_monsterinsights_sitenote_category":0},"categories":[2],"tags":[],"_links":{"self":[{"href":"http:\/\/en.resocie.org\/index.php\/wp-json\/wp\/v2\/posts\/1185"}],"collection":[{"href":"http:\/\/en.resocie.org\/index.php\/wp-json\/wp\/v2\/posts"}],"about":[{"href":"http:\/\/en.resocie.org\/index.php\/wp-json\/wp\/v2\/types\/post"}],"author":[{"embeddable":true,"href":"http:\/\/en.resocie.org\/index.php\/wp-json\/wp\/v2\/users\/1"}],"replies":[{"embeddable":true,"href":"http:\/\/en.resocie.org\/index.php\/wp-json\/wp\/v2\/comments?post=1185"}],"version-history":[{"count":0,"href":"http:\/\/en.resocie.org\/index.php\/wp-json\/wp\/v2\/posts\/1185\/revisions"}],"wp:attachment":[{"href":"http:\/\/en.resocie.org\/index.php\/wp-json\/wp\/v2\/media?parent=1185"}],"wp:term":[{"taxonomy":"category","embeddable":true,"href":"http:\/\/en.resocie.org\/index.php\/wp-json\/wp\/v2\/categories?post=1185"},{"taxonomy":"post_tag","embeddable":true,"href":"http:\/\/en.resocie.org\/index.php\/wp-json\/wp\/v2\/tags?post=1185"}],"curies":[{"name":"wp","href":"https:\/\/api.w.org\/{rel}","templated":true}]}}