{"id":1603,"date":"2020-06-28T08:17:45","date_gmt":"2020-06-28T11:17:45","guid":{"rendered":"https:\/\/resocie.org\/?p=1603"},"modified":"2020-06-28T08:17:45","modified_gmt":"2020-06-28T11:17:45","slug":"solidariedade-e-fundamental-mas-nao-e-suficiente","status":"publish","type":"post","link":"http:\/\/en.resocie.org\/index.php\/2020\/06\/28\/solidariedade-e-fundamental-mas-nao-e-suficiente\/","title":{"rendered":"Solidariedade \u00e9 fundamental, mas n\u00e3o \u00e9 suficiente"},"content":{"rendered":"\n<p>Em artigo\u00a0<a href=\"https:\/\/www.ufrgs.br\/jornal\/solidariedade-e-fundamental-mas-nao-e-suficiente\/\">publicado no Jornal da Universidade UFRGS<\/a>, Marcelo Kunrath apresenta v\u00e1rias iniciativas realizadas pela sociedade para o enfrentamento do coronav\u00edrus em comunidades mais vulnerabilizadas. O professor, contudo, afirma que \u00e9 necess\u00e1rio que o governo efetive pol\u00edtica p\u00fablicas qualificadas, articuladas e com os recursos necess\u00e1rios para que tenham escala. As propostas do que pode ser feito j\u00e1 est\u00e3o evidentes, resta a a\u00e7\u00e3o governamental para garantir os direitos da popula\u00e7\u00e3o.<\/p>\n","protected":false},"excerpt":{"rendered":"<p>Em artigo\u00a0publicado no Jornal da Universidade UFRGS, Marcelo Kunrath apresenta v\u00e1rias iniciativas realizadas pela sociedade para o enfrentamento do coronav\u00edrus em comunidades mais vulnerabilizadas. O professor, contudo, afirma que \u00e9 necess\u00e1rio que o governo efetive pol\u00edtica p\u00fablicas qualificadas, articuladas e<\/p>\n","protected":false},"author":1,"featured_media":0,"comment_status":"open","ping_status":"open","sticky":false,"template":"","format":"standard","meta":{"om_disable_all_campaigns":false,"_monsterinsights_skip_tracking":false,"_monsterinsights_sitenote_active":false,"_monsterinsights_sitenote_note":"","_monsterinsights_sitenote_category":0},"categories":[2],"tags":[],"_links":{"self":[{"href":"http:\/\/en.resocie.org\/index.php\/wp-json\/wp\/v2\/posts\/1603"}],"collection":[{"href":"http:\/\/en.resocie.org\/index.php\/wp-json\/wp\/v2\/posts"}],"about":[{"href":"http:\/\/en.resocie.org\/index.php\/wp-json\/wp\/v2\/types\/post"}],"author":[{"embeddable":true,"href":"http:\/\/en.resocie.org\/index.php\/wp-json\/wp\/v2\/users\/1"}],"replies":[{"embeddable":true,"href":"http:\/\/en.resocie.org\/index.php\/wp-json\/wp\/v2\/comments?post=1603"}],"version-history":[{"count":0,"href":"http:\/\/en.resocie.org\/index.php\/wp-json\/wp\/v2\/posts\/1603\/revisions"}],"wp:attachment":[{"href":"http:\/\/en.resocie.org\/index.php\/wp-json\/wp\/v2\/media?parent=1603"}],"wp:term":[{"taxonomy":"category","embeddable":true,"href":"http:\/\/en.resocie.org\/index.php\/wp-json\/wp\/v2\/categories?post=1603"},{"taxonomy":"post_tag","embeddable":true,"href":"http:\/\/en.resocie.org\/index.php\/wp-json\/wp\/v2\/tags?post=1603"}],"curies":[{"name":"wp","href":"https:\/\/api.w.org\/{rel}","templated":true}]}}