{"id":1606,"date":"2020-06-28T08:21:17","date_gmt":"2020-06-28T11:21:17","guid":{"rendered":"https:\/\/resocie.org\/?p=1606"},"modified":"2020-06-28T08:21:17","modified_gmt":"2020-06-28T11:21:17","slug":"contexto-territorial-e-acao-coletiva","status":"publish","type":"post","link":"http:\/\/en.resocie.org\/index.php\/2020\/06\/28\/contexto-territorial-e-acao-coletiva\/","title":{"rendered":"Contexto Territorial e A\u00e7\u00e3o Coletiva"},"content":{"rendered":"\n<p><a href=\"https:\/\/operamundi.uol.com.br\/analise\/65231\/contexto-territorial-e-acao-coletiva-no-enfrentamento-da-covid-19\">Artigo<\/a>\u00a0escrito por autores vinculados ao Instituto P\u00f3lis, organiza\u00e7\u00e3o da sociedade civil que atua na defesa do direito \u00e0 cidade, mostra como a a\u00e7\u00e3o coletiva pode auxiliar na diminui\u00e7\u00e3o do impacto do v\u00edrus.\u00a0<a href=\"https:\/\/operamundi.uol.com.br\/analise\/65231\/contexto-territorial-e-acao-coletiva-no-enfrentamento-da-covid-19\">Acesse aqui.<\/a><\/p>\n","protected":false},"excerpt":{"rendered":"<p>Artigo\u00a0escrito por autores vinculados ao Instituto P\u00f3lis, organiza\u00e7\u00e3o da sociedade civil que atua na defesa do direito \u00e0 cidade, mostra como a a\u00e7\u00e3o coletiva pode auxiliar na diminui\u00e7\u00e3o do impacto do v\u00edrus.\u00a0Acesse aqui.<\/p>\n","protected":false},"author":1,"featured_media":0,"comment_status":"open","ping_status":"open","sticky":false,"template":"","format":"standard","meta":{"om_disable_all_campaigns":false,"_monsterinsights_skip_tracking":false,"_monsterinsights_sitenote_active":false,"_monsterinsights_sitenote_note":"","_monsterinsights_sitenote_category":0},"categories":[2],"tags":[],"_links":{"self":[{"href":"http:\/\/en.resocie.org\/index.php\/wp-json\/wp\/v2\/posts\/1606"}],"collection":[{"href":"http:\/\/en.resocie.org\/index.php\/wp-json\/wp\/v2\/posts"}],"about":[{"href":"http:\/\/en.resocie.org\/index.php\/wp-json\/wp\/v2\/types\/post"}],"author":[{"embeddable":true,"href":"http:\/\/en.resocie.org\/index.php\/wp-json\/wp\/v2\/users\/1"}],"replies":[{"embeddable":true,"href":"http:\/\/en.resocie.org\/index.php\/wp-json\/wp\/v2\/comments?post=1606"}],"version-history":[{"count":0,"href":"http:\/\/en.resocie.org\/index.php\/wp-json\/wp\/v2\/posts\/1606\/revisions"}],"wp:attachment":[{"href":"http:\/\/en.resocie.org\/index.php\/wp-json\/wp\/v2\/media?parent=1606"}],"wp:term":[{"taxonomy":"category","embeddable":true,"href":"http:\/\/en.resocie.org\/index.php\/wp-json\/wp\/v2\/categories?post=1606"},{"taxonomy":"post_tag","embeddable":true,"href":"http:\/\/en.resocie.org\/index.php\/wp-json\/wp\/v2\/tags?post=1606"}],"curies":[{"name":"wp","href":"https:\/\/api.w.org\/{rel}","templated":true}]}}