{"id":1703,"date":"2020-06-29T19:09:59","date_gmt":"2020-06-29T22:09:59","guid":{"rendered":"https:\/\/resocie.org\/?p=1703"},"modified":"2020-06-29T19:09:59","modified_gmt":"2020-06-29T22:09:59","slug":"os-impactos-da-pandemia-da-covid-19-nas-organizacoes-da-sociedade-civil","status":"publish","type":"post","link":"http:\/\/en.resocie.org\/index.php\/2020\/06\/29\/os-impactos-da-pandemia-da-covid-19-nas-organizacoes-da-sociedade-civil\/","title":{"rendered":"Os impactos da pandemia da Covid-19 nas organiza\u00e7\u00f5es da sociedade civil"},"content":{"rendered":"\n<p>Em nota <a href=\"https:\/\/www.ipea.gov.br\/portal\/images\/stories\/PDFs\/nota_tecnica\/200605_nt_diest_67.pdf\">publicada<\/a> pelo IPEA, Camila Escudero analisa os impactos causados pela pandemia na organiza\u00e7\u00e3o e atua\u00e7\u00e3o das OSC. O objetivo central \u00e9 apontar alternativas e perspectivas, contextualizando a sua situa\u00e7\u00e3o a partir de mapeamentos e descri\u00e7\u00f5es de perfis das organiza\u00e7\u00f5es. <\/p>\n","protected":false},"excerpt":{"rendered":"<p>Em nota publicada pelo IPEA, Camila Escudero analisa os impactos causados pela pandemia na organiza\u00e7\u00e3o e atua\u00e7\u00e3o das OSC. O objetivo central \u00e9 apontar alternativas e perspectivas, contextualizando a sua situa\u00e7\u00e3o a partir de mapeamentos e descri\u00e7\u00f5es de perfis das<\/p>\n","protected":false},"author":1,"featured_media":0,"comment_status":"open","ping_status":"open","sticky":false,"template":"","format":"standard","meta":{"om_disable_all_campaigns":false,"_monsterinsights_skip_tracking":false,"_monsterinsights_sitenote_active":false,"_monsterinsights_sitenote_note":"","_monsterinsights_sitenote_category":0},"categories":[2],"tags":[],"_links":{"self":[{"href":"http:\/\/en.resocie.org\/index.php\/wp-json\/wp\/v2\/posts\/1703"}],"collection":[{"href":"http:\/\/en.resocie.org\/index.php\/wp-json\/wp\/v2\/posts"}],"about":[{"href":"http:\/\/en.resocie.org\/index.php\/wp-json\/wp\/v2\/types\/post"}],"author":[{"embeddable":true,"href":"http:\/\/en.resocie.org\/index.php\/wp-json\/wp\/v2\/users\/1"}],"replies":[{"embeddable":true,"href":"http:\/\/en.resocie.org\/index.php\/wp-json\/wp\/v2\/comments?post=1703"}],"version-history":[{"count":0,"href":"http:\/\/en.resocie.org\/index.php\/wp-json\/wp\/v2\/posts\/1703\/revisions"}],"wp:attachment":[{"href":"http:\/\/en.resocie.org\/index.php\/wp-json\/wp\/v2\/media?parent=1703"}],"wp:term":[{"taxonomy":"category","embeddable":true,"href":"http:\/\/en.resocie.org\/index.php\/wp-json\/wp\/v2\/categories?post=1703"},{"taxonomy":"post_tag","embeddable":true,"href":"http:\/\/en.resocie.org\/index.php\/wp-json\/wp\/v2\/tags?post=1703"}],"curies":[{"name":"wp","href":"https:\/\/api.w.org\/{rel}","templated":true}]}}