{"id":1706,"date":"2020-06-29T19:13:40","date_gmt":"2020-06-29T22:13:40","guid":{"rendered":"https:\/\/resocie.org\/?p=1706"},"modified":"2020-06-29T19:13:40","modified_gmt":"2020-06-29T22:13:40","slug":"os-efeitos-sobre-grupos-sociais-e-territorios-vulnerabilizados-das-medidas-de-enfrentamento-a-crise-sanitaria-da-covid-19","status":"publish","type":"post","link":"http:\/\/en.resocie.org\/index.php\/2020\/06\/29\/os-efeitos-sobre-grupos-sociais-e-territorios-vulnerabilizados-das-medidas-de-enfrentamento-a-crise-sanitaria-da-covid-19\/","title":{"rendered":"Os efeitos sobre grupos sociais e territ\u00f3rios vulnerabilizados das medidas de enfrentamento \u00e0 crise sanit\u00e1ria da Covid-19"},"content":{"rendered":"\n<p>Em nota t\u00e9cnica <a href=\"https:\/\/www.ipea.gov.br\/portal\/images\/stories\/PDFs\/nota_tecnica\/200408_nota_tenica_diest.pdf\">publicada<\/a> pelo IPEA, Roberto Pires identifica os principais efeitos das medidas preventivas para os grupos e territ\u00f3rios mais vulnerabilizados. O autor afirma, contudo, que n\u00e3o se trata de uma avalia\u00e7\u00e3o das medidas em si, mas sim objetiva compreender limita\u00e7\u00f5es e efeitos adversos que s\u00e3o consequ\u00eancias dessas medidas de enfrentamento \u00e0 crise.<\/p>\n\n\n\n<div class=\"wp-block-image\"><figure class=\"aligncenter size-medium\"><img loading=\"lazy\" width=\"300\" height=\"293\" src=\"http:\/\/en.resocie.org\/wp-content\/uploads\/2021\/06\/image-4-300x293.png\" alt=\"\" class=\"wp-image-3931\" srcset=\"http:\/\/en.resocie.org\/wp-content\/uploads\/2021\/06\/image-4-300x293.png 300w, http:\/\/en.resocie.org\/wp-content\/uploads\/2021\/06\/image-4-768x751.png 768w, http:\/\/en.resocie.org\/wp-content\/uploads\/2021\/06\/image-4.png 887w\" sizes=\"(max-width: 300px) 100vw, 300px\" \/><figcaption>Capa da nota t\u00e9cnica<\/figcaption><\/figure><\/div>\n","protected":false},"excerpt":{"rendered":"<p>Em nota t\u00e9cnica publicada pelo IPEA, Roberto Pires identifica os principais efeitos das medidas preventivas para os grupos e territ\u00f3rios mais vulnerabilizados. O autor afirma, contudo, que n\u00e3o se trata de uma avalia\u00e7\u00e3o das medidas em si, mas sim objetiva<\/p>\n","protected":false},"author":1,"featured_media":3931,"comment_status":"open","ping_status":"open","sticky":false,"template":"","format":"standard","meta":{"om_disable_all_campaigns":false,"_monsterinsights_skip_tracking":false,"_monsterinsights_sitenote_active":false,"_monsterinsights_sitenote_note":"","_monsterinsights_sitenote_category":0},"categories":[2],"tags":[],"_links":{"self":[{"href":"http:\/\/en.resocie.org\/index.php\/wp-json\/wp\/v2\/posts\/1706"}],"collection":[{"href":"http:\/\/en.resocie.org\/index.php\/wp-json\/wp\/v2\/posts"}],"about":[{"href":"http:\/\/en.resocie.org\/index.php\/wp-json\/wp\/v2\/types\/post"}],"author":[{"embeddable":true,"href":"http:\/\/en.resocie.org\/index.php\/wp-json\/wp\/v2\/users\/1"}],"replies":[{"embeddable":true,"href":"http:\/\/en.resocie.org\/index.php\/wp-json\/wp\/v2\/comments?post=1706"}],"version-history":[{"count":0,"href":"http:\/\/en.resocie.org\/index.php\/wp-json\/wp\/v2\/posts\/1706\/revisions"}],"wp:featuredmedia":[{"embeddable":true,"href":"http:\/\/en.resocie.org\/index.php\/wp-json\/wp\/v2\/media\/3931"}],"wp:attachment":[{"href":"http:\/\/en.resocie.org\/index.php\/wp-json\/wp\/v2\/media?parent=1706"}],"wp:term":[{"taxonomy":"category","embeddable":true,"href":"http:\/\/en.resocie.org\/index.php\/wp-json\/wp\/v2\/categories?post=1706"},{"taxonomy":"post_tag","embeddable":true,"href":"http:\/\/en.resocie.org\/index.php\/wp-json\/wp\/v2\/tags?post=1706"}],"curies":[{"name":"wp","href":"https:\/\/api.w.org\/{rel}","templated":true}]}}