{"id":570,"date":"2020-04-02T18:07:55","date_gmt":"2020-04-02T21:07:55","guid":{"rendered":"https:\/\/resocie.org\/?p=570"},"modified":"2020-04-02T18:07:55","modified_gmt":"2020-04-02T21:07:55","slug":"os-condenados-da-terra-os-mais-pobres-mobilizam-se-frente-a-pandemia","status":"publish","type":"post","link":"http:\/\/en.resocie.org\/index.php\/2020\/04\/02\/os-condenados-da-terra-os-mais-pobres-mobilizam-se-frente-a-pandemia\/","title":{"rendered":"Os Condenados da Terra: Os mais pobres mobilizam-se frente \u00e0 pandemia"},"content":{"rendered":"\n<div class=\"wp-block-image\"><figure class=\"aligncenter\"><img src=\"https:\/\/img.huffingtonpost.com\/asset\/5e79524e2400003300cea26a.jpeg?cache=IgrcZm7OBr&amp;ops=scalefit_630_noupscale\" alt=\"Ato de solidariedade da popula\u00e7\u00e3o mais vulner\u00e1vel em Cairo, no\" \/><figcaption>NurPhoto via Getty Images<\/figcaption><\/figure><\/div>\n\n\n\n<p class=\"has-text-align-right\">Marisa von B\u00fclow <\/p>\n\n\n\n<p class=\"has-text-align-right\">24\/03\/2020<\/p>\n\n\n\n<p><em>Texto publicado originalmente no <a href=\"https:\/\/www.huffpostbrasil.com\/entry\/coronavirus-condenados-da-terra_br_5e794fefc5b6f5b7c549b41b\" target=\"_blank\" rel=\"noreferrer noopener\">HuffPost Brasil<\/a><\/em><\/p>\n\n\n\n<p class=\"has-text-align-justify\">A primeira <strong>v\u00edtima<\/strong> do <a href=\"https:\/\/www.huffpostbrasil.com\/news\/coronavirus\" target=\"_blank\" rel=\"noreferrer noopener\"><strong>coronav\u00edrus<\/strong><\/a> no Rio de Janeiro foi uma empregada dom\u00e9stica, contaminada pela patroa, que havia chegado recentemente do exterior e n\u00e3o se autoisolou. A empregada, que sofria de press\u00e3o alta e diabete mas n\u00e3o podia se dar ao luxo de perder o trabalho, n\u00e3o resistiu; a patroa passa bem.<\/p>\n\n\n\n<p>A primeira morte em S\u00e3o Paulo foi a de um porteiro aposentado, ele tamb\u00e9m de origem humilde, ele tamb\u00e9m diab\u00e9tico e hipertenso. Assim como no caso da empregada carioca, o porteiro paulista morava em c\u00f4modos apertados, com muitos parentes a conviver.<\/p>\n\n\n\n<p>Esses casos mostram, de maneira inequ\u00edvoca e brutal, que o v\u00edrus contamina a todos, mas n\u00e3o nos torna iguais. Al\u00e9m dos que t\u00eam doen\u00e7as pr\u00e9-existentes e dos mais idosos, s\u00e3o os mais pobres os mais vulner\u00e1veis.<\/p>\n\n\n\n<p>Os que mais sofrer\u00e3o com a pandemia s\u00e3o aqueles que n\u00e3o t\u00eam acesso a \u00e1gua, por causa de d\u00e9cadas de neglig\u00eancia sanit\u00e1ria; aqueles para quem falar de isolamento social \u00e9 uma piada de mau gosto, porque antes de serem v\u00edtimas do v\u00edrus foram v\u00edtimas da falta de planejamento urbano; aqueles para quem o Estado de Bem Estar Social \u00e9 hist\u00f3ria de fic\u00e7\u00e3o cient\u00edfica que acontece em uma gal\u00e1xia muito, muito distante&#8230; S\u00e3o os \u201cCondenados da Terra\u201d, t\u00edtulo do famoso livro de Frantz Fanon, publicado em 1961, que denunciava a viol\u00eancia que nasce da desigualdade.<\/p>\n\n\n\n<h3>A sociedade civil ocupa o v\u00e1cuo do Estado<\/h3>\n\n\n\n<p>No v\u00e1cuo hist\u00f3rico deixado pelo Estado, pequenas a\u00e7\u00f5es individuais de solidariedade \u2013 como dar folga paga \u00e0s empregadas dom\u00e9sticas e fazer a sua pr\u00f3pria limpeza \u2013 s\u00e3o n\u00e3o apenas necess\u00e1rias, mas fundamentais.<\/p>\n\n\n\n<p>Deveria ser algo \u00f3bvio, mas n\u00e3o \u00e9. Filhos de dom\u00e9sticas lan\u00e7aram a carta \u201c<a rel=\"noreferrer noopener\" href=\"https:\/\/www.facebook.com\/cartamanifesto\/?view_public_for=103023388008132\" target=\"_blank\">Pela vida das nossas m\u00e3es<\/a>\u201d, endere\u00e7ada n\u00e3o apenas \u00e0s autoridades, mas a toda a sociedade civil: \u201cao constatarmos que nossas familiares que s\u00e3o empregadas dom\u00e9sticas e diaristas continuam trabalhando normalmente, salientamos a emerg\u00eancia de atender \u00e0 quarentena estipulada pelas autoridades e reivindicamos a dispensa remunerada\u201d.<\/p>\n\n\n\n<p>Outras iniciativas coletivas t\u00eam aparecido, lan\u00e7adas por grupos da sociedade civil atuantes nas periferias urbanas. V\u00e1rias dessas organiza\u00e7\u00f5es se juntaram em uma coaliz\u00e3o para lutar contra a pandemia. Em <a href=\"http:\/\/periferiaemmovimento.com.br\/comunicadores-perifericos-se-unem-em-coalizao-nacional-pra-enfrentar-pandemia\/\" rel=\"noreferrer noopener\" target=\"_blank\">manifesto<\/a> assinado por dezenas de grupos de todo o Pa\u00eds, declaram: \u201cN\u00f3s, comunicadores perif\u00e9ricos e perif\u00e9ricas de v\u00e1rias partes do Pa\u00eds, estamos juntando esfor\u00e7os para colaborar com informa\u00e7\u00f5es precisas e que realmente consigam alcan\u00e7ar os nossos. Precisamos saber informar&#8230; De n\u00f3s para os nossos!\u201d.<\/p>\n\n\n\n<p>Nas m\u00eddias sociais, mensagens usando as hashtags #CoronaNasPeriferias e #COVID19NasFavelas divulgam informa\u00e7\u00f5es sobre como evitar cont\u00e1gio, denunciam a falta de \u00e1gua em certas localidades, rebatem not\u00edcias falsas e divulgam fotos dos moradores pintando faixas que buscam conscientizar suas comunidades. Essas iniciativas mostram n\u00e3o s\u00f3 que os moradores das periferias precisam ser ouvidos e atendidos, mas tamb\u00e9m que \u00e9 fundamental ter uma estrat\u00e9gia de comunica\u00e7\u00e3o espec\u00edfica, adaptada \u00e0 sua realidade.<\/p>\n\n\n\n<p>Os mais pobres est\u00e3o mostrando o que precisa ser feito e iluminando o caminho a seguir. N\u00e3o conseguir\u00e3o, no entanto, combater a pandemia sozinhos. Precisam do apoio das autoridades p\u00fablicas e da sociedade em geral. Agora.<\/p>\n","protected":false},"excerpt":{"rendered":"<p>Marisa von B\u00fclow 24\/03\/2020 Texto publicado originalmente no HuffPost Brasil A primeira v\u00edtima do coronav\u00edrus no Rio de Janeiro foi uma empregada dom\u00e9stica, contaminada pela patroa, que havia chegado recentemente do exterior e n\u00e3o se autoisolou. A empregada, que sofria<\/p>\n","protected":false},"author":1,"featured_media":720,"comment_status":"closed","ping_status":"open","sticky":false,"template":"","format":"standard","meta":{"om_disable_all_campaigns":false,"_monsterinsights_skip_tracking":false,"_monsterinsights_sitenote_active":false,"_monsterinsights_sitenote_note":"","_monsterinsights_sitenote_category":0},"categories":[2],"tags":[6,8,11],"_links":{"self":[{"href":"http:\/\/en.resocie.org\/index.php\/wp-json\/wp\/v2\/posts\/570"}],"collection":[{"href":"http:\/\/en.resocie.org\/index.php\/wp-json\/wp\/v2\/posts"}],"about":[{"href":"http:\/\/en.resocie.org\/index.php\/wp-json\/wp\/v2\/types\/post"}],"author":[{"embeddable":true,"href":"http:\/\/en.resocie.org\/index.php\/wp-json\/wp\/v2\/users\/1"}],"replies":[{"embeddable":true,"href":"http:\/\/en.resocie.org\/index.php\/wp-json\/wp\/v2\/comments?post=570"}],"version-history":[{"count":0,"href":"http:\/\/en.resocie.org\/index.php\/wp-json\/wp\/v2\/posts\/570\/revisions"}],"wp:featuredmedia":[{"embeddable":true,"href":"http:\/\/en.resocie.org\/index.php\/wp-json\/wp\/v2\/media\/720"}],"wp:attachment":[{"href":"http:\/\/en.resocie.org\/index.php\/wp-json\/wp\/v2\/media?parent=570"}],"wp:term":[{"taxonomy":"category","embeddable":true,"href":"http:\/\/en.resocie.org\/index.php\/wp-json\/wp\/v2\/categories?post=570"},{"taxonomy":"post_tag","embeddable":true,"href":"http:\/\/en.resocie.org\/index.php\/wp-json\/wp\/v2\/tags?post=570"}],"curies":[{"name":"wp","href":"https:\/\/api.w.org\/{rel}","templated":true}]}}