{"id":664,"date":"2020-04-07T11:05:46","date_gmt":"2020-04-07T14:05:46","guid":{"rendered":"https:\/\/resocie.org\/?p=664"},"modified":"2020-04-07T11:05:46","modified_gmt":"2020-04-07T14:05:46","slug":"muito-mais-que-panelaco-resistencias-sociais-em-tempo-de-coronavirus","status":"publish","type":"post","link":"http:\/\/en.resocie.org\/index.php\/2020\/04\/07\/muito-mais-que-panelaco-resistencias-sociais-em-tempo-de-coronavirus\/","title":{"rendered":"Muito mais que panela\u00e7o: resist\u00eancias sociais em tempo de coronav\u00edrus"},"content":{"rendered":"\n<div class=\"wp-block-image\"><figure class=\"aligncenter size-large is-resized\"><img loading=\"lazy\" src=\"https:\/\/resocie.org\/wp-content\/uploads\/2020\/04\/paraisopolis-2-e1586273272920.jpeg?w=1024\" alt=\"\" class=\"wp-image-726\" width=\"687\" height=\"275\" srcset=\"http:\/\/en.resocie.org\/wp-content\/uploads\/2020\/04\/paraisopolis-2-e1586273272920.jpeg 2400w, http:\/\/en.resocie.org\/wp-content\/uploads\/2020\/04\/paraisopolis-2-e1586273272920-300x120.jpeg 300w, http:\/\/en.resocie.org\/wp-content\/uploads\/2020\/04\/paraisopolis-2-e1586273272920-1024x410.jpeg 1024w, http:\/\/en.resocie.org\/wp-content\/uploads\/2020\/04\/paraisopolis-2-e1586273272920-768x307.jpeg 768w, http:\/\/en.resocie.org\/wp-content\/uploads\/2020\/04\/paraisopolis-2-e1586273272920-1536x614.jpeg 1536w, http:\/\/en.resocie.org\/wp-content\/uploads\/2020\/04\/paraisopolis-2-e1586273272920-2048x819.jpeg 2048w\" sizes=\"(max-width: 687px) 100vw, 687px\" \/><\/figure><\/div>\n\n\n\n<p class=\"has-text-align-right\"><strong>Breno Bringel<\/strong><\/p>\n\n\n\n<p class=\"has-text-align-right\">31\/03\/2020<\/p>\n\n\n\n<p><em>Texto publicado originalmente na <a href=\"https:\/\/www1.folha.uol.com.br\/equilibrioesaude\/2020\/03\/muito-mais-que-um-panelaco-resistencias-sociais-em-tempos-de-coronavirus.shtml\">Folha de S\u00e3o Paulo<\/a><\/em><\/p>\n\n\n\n<p class=\"has-text-align-justify\">&#8220;O fortalecimento dos la\u00e7os sociais e dos v\u00ednculos comunit\u00e1rios \u00e9 outra das potencialidades de resist\u00eancia em tempos de coronav\u00edrus.&#8221; <\/p>\n\n\n\n<p class=\"has-text-align-justify\"><a href=\"http:\/\/\u201cO fortalecimento dos la\u00e7os sociais e dos v\u00ednculos comunit\u00e1rios \u00e9 outra das potencialidades de resist\u00eancia em tempos de coronav\u00edrus.\u201d\">Continuar lendo.<\/a><\/p>\n","protected":false},"excerpt":{"rendered":"<p>Breno Bringel 31\/03\/2020 Texto publicado originalmente na Folha de S\u00e3o Paulo &#8220;O fortalecimento dos la\u00e7os sociais e dos v\u00ednculos comunit\u00e1rios \u00e9 outra das potencialidades de resist\u00eancia em tempos de coronav\u00edrus.&#8221; Continuar lendo.<\/p>\n","protected":false},"author":1,"featured_media":726,"comment_status":"open","ping_status":"open","sticky":false,"template":"","format":"standard","meta":{"om_disable_all_campaigns":false,"_monsterinsights_skip_tracking":false,"_monsterinsights_sitenote_active":false,"_monsterinsights_sitenote_note":"","_monsterinsights_sitenote_category":0},"categories":[2],"tags":[6],"_links":{"self":[{"href":"http:\/\/en.resocie.org\/index.php\/wp-json\/wp\/v2\/posts\/664"}],"collection":[{"href":"http:\/\/en.resocie.org\/index.php\/wp-json\/wp\/v2\/posts"}],"about":[{"href":"http:\/\/en.resocie.org\/index.php\/wp-json\/wp\/v2\/types\/post"}],"author":[{"embeddable":true,"href":"http:\/\/en.resocie.org\/index.php\/wp-json\/wp\/v2\/users\/1"}],"replies":[{"embeddable":true,"href":"http:\/\/en.resocie.org\/index.php\/wp-json\/wp\/v2\/comments?post=664"}],"version-history":[{"count":0,"href":"http:\/\/en.resocie.org\/index.php\/wp-json\/wp\/v2\/posts\/664\/revisions"}],"wp:featuredmedia":[{"embeddable":true,"href":"http:\/\/en.resocie.org\/index.php\/wp-json\/wp\/v2\/media\/726"}],"wp:attachment":[{"href":"http:\/\/en.resocie.org\/index.php\/wp-json\/wp\/v2\/media?parent=664"}],"wp:term":[{"taxonomy":"category","embeddable":true,"href":"http:\/\/en.resocie.org\/index.php\/wp-json\/wp\/v2\/categories?post=664"},{"taxonomy":"post_tag","embeddable":true,"href":"http:\/\/en.resocie.org\/index.php\/wp-json\/wp\/v2\/tags?post=664"}],"curies":[{"name":"wp","href":"https:\/\/api.w.org\/{rel}","templated":true}]}}