{"id":677,"date":"2020-04-07T11:17:30","date_gmt":"2020-04-07T14:17:30","guid":{"rendered":"https:\/\/resocie.org\/?p=677"},"modified":"2020-04-07T11:17:30","modified_gmt":"2020-04-07T14:17:30","slug":"ihu-on-line-e-preciso-que-o-recurso-de-600-reais-chegue-hoje-entrevista-especial-com-sonia-fleury","status":"publish","type":"post","link":"http:\/\/en.resocie.org\/index.php\/2020\/04\/07\/ihu-on-line-e-preciso-que-o-recurso-de-600-reais-chegue-hoje-entrevista-especial-com-sonia-fleury\/","title":{"rendered":"\u201c\u00c9 preciso que o recurso de 600 reais chegue hoje\u201d. Entrevista com Sonia Fleury"},"content":{"rendered":"\n<div class=\"wp-block-image\"><figure class=\"aligncenter size-large is-resized\"><img loading=\"lazy\" src=\"https:\/\/resocie.org\/wp-content\/uploads\/2020\/04\/image.png?w=800\" alt=\"\" class=\"wp-image-683\" width=\"649\" height=\"507\" srcset=\"http:\/\/en.resocie.org\/wp-content\/uploads\/2020\/04\/image.png 800w, http:\/\/en.resocie.org\/wp-content\/uploads\/2020\/04\/image-300x235.png 300w, http:\/\/en.resocie.org\/wp-content\/uploads\/2020\/04\/image-768x601.png 768w\" sizes=\"(max-width: 649px) 100vw, 649px\" \/><figcaption>Fonte: IHU On-Line, foto da C\u00e2mara Legislativa<\/figcaption><\/figure><\/div>\n\n\n\n<p class=\"has-text-align-right\">Por <strong>Jo\u00e3o Vitor Santos e Patricia Fachin<\/strong><\/p>\n\n\n\n<p class=\"has-text-align-right\">02\/04\/2020<\/p>\n\n\n\n<p><em>Texto publicado originalmente no <a href=\"http:\/\/www.ihu.unisinos.br\/159-noticias\/entrevistas\/597705-e-preciso-que-o-recurso-de-600-reais-chegue-hoje-entrevista-especial-com-sonia-fleury\">IHU On-Line<\/a><\/em><\/p>\n\n\n\n<p>&#8220;O <a rel=\"noreferrer noopener\" href=\"http:\/\/www.ihu.unisinos.br\/78-noticias\/597551-camara-aprova-o-coronavoucher\" target=\"_blank\">coronavoucher de 600 reais<\/a> para os <a rel=\"noreferrer noopener\" href=\"http:\/\/www.ihu.unisinos.br\/78-noticias\/597113-diante-do-covid-19-como-ficam-os-trabalhadores-informais\" target=\"_blank\">trabalhadores informais<\/a>, aut\u00f4nomos e intermitentes, como ficou conhecido o <strong>pagamento do aux\u00edlio emergencial<\/strong> que ser\u00e1 feito pelo <a rel=\"noreferrer noopener\" href=\"http:\/\/www.ihu.unisinos.br\/597582-brasil-toma-medidas-homicidas-ao-mudar-de-rumo-na-hora-que-a-curva-de-causos-aumenta-entrevista-com-ligia-bahia\" target=\"_blank\">governo federal<\/a>, \u201cpode chegar \u00e0s pessoas das comunidades, mas para ser operacionalizado, ele requer uma <strong>burocracia<\/strong> que pode <a rel=\"noreferrer noopener\" href=\"http:\/\/www.ihu.unisinos.br\/597542-como-se-dara-a-evolucao-de-covid-19-na-populacao-que-vive-em-condicoes-precarias-entrevista-especial-com-guilherme-werneck-2\" target=\"_blank\">retardar o recebimento e talvez seja tarde demais<\/a>\u201d, adverte a cientista pol\u00edtica <a rel=\"noreferrer noopener\" href=\"http:\/\/www.ihu.unisinos.br\/594435-o-adereco-de-guedes-e-o-sentido-do-governo\" target=\"_blank\">Sonia Fleury<\/a>. Para ela, a melhor maneira de suprir as <a rel=\"noreferrer noopener\" href=\"http:\/\/www.ihu.unisinos.br\/597505-crise-para-quem-e-para-que-a-dura-realidade-do-trabalho-brasileiro\" target=\"_blank\">necessidades financeiras desses trabalhadores<\/a> \u00e9 atrav\u00e9s de uma renda m\u00ednima que possa ser garantida imediatamente.&#8221;<\/p>\n\n\n\n<p><a href=\"http:\/\/www.ihu.unisinos.br\/159-noticias\/entrevistas\/597705-e-preciso-que-o-recurso-de-600-reais-chegue-hoje-entrevista-especial-com-sonia-fleury\">Continuar lendo.<\/a><\/p>\n","protected":false},"excerpt":{"rendered":"<p>Por Jo\u00e3o Vitor Santos e Patricia Fachin 02\/04\/2020 Texto publicado originalmente no IHU On-Line &#8220;O coronavoucher de 600 reais para os trabalhadores informais, aut\u00f4nomos e intermitentes, como ficou conhecido o pagamento do aux\u00edlio emergencial que ser\u00e1 feito pelo governo federal,<\/p>\n","protected":false},"author":1,"featured_media":0,"comment_status":"closed","ping_status":"open","sticky":false,"template":"","format":"standard","meta":{"om_disable_all_campaigns":false,"_monsterinsights_skip_tracking":false,"_monsterinsights_sitenote_active":false,"_monsterinsights_sitenote_note":"","_monsterinsights_sitenote_category":0},"categories":[2],"tags":[6],"_links":{"self":[{"href":"http:\/\/en.resocie.org\/index.php\/wp-json\/wp\/v2\/posts\/677"}],"collection":[{"href":"http:\/\/en.resocie.org\/index.php\/wp-json\/wp\/v2\/posts"}],"about":[{"href":"http:\/\/en.resocie.org\/index.php\/wp-json\/wp\/v2\/types\/post"}],"author":[{"embeddable":true,"href":"http:\/\/en.resocie.org\/index.php\/wp-json\/wp\/v2\/users\/1"}],"replies":[{"embeddable":true,"href":"http:\/\/en.resocie.org\/index.php\/wp-json\/wp\/v2\/comments?post=677"}],"version-history":[{"count":0,"href":"http:\/\/en.resocie.org\/index.php\/wp-json\/wp\/v2\/posts\/677\/revisions"}],"wp:attachment":[{"href":"http:\/\/en.resocie.org\/index.php\/wp-json\/wp\/v2\/media?parent=677"}],"wp:term":[{"taxonomy":"category","embeddable":true,"href":"http:\/\/en.resocie.org\/index.php\/wp-json\/wp\/v2\/categories?post=677"},{"taxonomy":"post_tag","embeddable":true,"href":"http:\/\/en.resocie.org\/index.php\/wp-json\/wp\/v2\/tags?post=677"}],"curies":[{"name":"wp","href":"https:\/\/api.w.org\/{rel}","templated":true}]}}