{"id":680,"date":"2020-04-07T11:24:28","date_gmt":"2020-04-07T14:24:28","guid":{"rendered":"https:\/\/resocie.org\/?p=680"},"modified":"2020-04-07T11:24:28","modified_gmt":"2020-04-07T14:24:28","slug":"el-pais-sousa-da-redes-da-mare-quem-so-via-a-favela-pela-violencia-passou-a-enxerga-la-a-partir-do-coronavirus","status":"publish","type":"post","link":"http:\/\/en.resocie.org\/index.php\/2020\/04\/07\/el-pais-sousa-da-redes-da-mare-quem-so-via-a-favela-pela-violencia-passou-a-enxerga-la-a-partir-do-coronavirus\/","title":{"rendered":"\u201cQuem s\u00f3 via a favela pela viol\u00eancia, passou a enxerg\u00e1-la a partir do coronav\u00edrus\u201d"},"content":{"rendered":"\n<div class=\"wp-block-image\"><figure class=\"aligncenter\"><img src=\"https:\/\/imagens.brasil.elpais.com\/resizer\/Jti6pvRa7xtdqwezAqQoLHUkOwk=\/1500x0\/arc-anglerfish-eu-central-1-prod-prisa.s3.amazonaws.com\/public\/WE5RCD2DYZH7XPRITADI6D7EPI.jpg\" alt=\"Eliana Sousa Silva, fundadora e diretora da ONG Redes da Mar\u00e9.\" \/><figcaption>Fonte: El Pa\u00eds, foto de Elis\u00e2ngela Leite (Redes da Mar\u00e9).<\/figcaption><\/figure><\/div>\n\n\n\n<p class=\"has-text-align-right\"><strong><a rel=\"noreferrer noopener\" href=\"https:\/\/twitter.com\/FelipeBetim\" target=\"_blank\">Felipe Betim<\/a><\/strong><\/p>\n\n\n\n<p class=\"has-text-align-right\">28\/03\/2020<\/p>\n\n\n\n<p><em>Texto publicado originalmente no <a href=\"https:\/\/brasil.elpais.com\/sociedade\/2020-03-28\/sousa-da-redes-da-mare-quem-so-via-a-favela-pela-violencia-passou-a-enxerga-la-a-partir-do-coronavirus.html?fbclid=IwAR3s9DJeXuptk24KknlShwRi28A14SjjQIqZzhrSwprKLsXQBxAqzLOnF4w\">El Pa\u00eds<\/a><\/em><\/p>\n\n\n\n<p class=\"has-text-align-justify\">&#8220;Desde que <a rel=\"noreferrer noopener\" href=\"https:\/\/brasil.elpais.com\/noticias\/coronavirus\/a\/\" target=\"_blank\">coronav\u00edrus<\/a> aterrissou no Brasil, v\u00e1rias organiza\u00e7\u00f5es da sociedade civil, ativistas e lideran\u00e7as comunit\u00e1rias est\u00e3o se mobilizando para atuar nas favelas e proteger as pessoas mais vulner\u00e1veis da pandemia. Eliana Sousa Silva, fundadora da <a rel=\"noreferrer noopener\" href=\"http:\/\/www.redesdamare.org.br\/br\/\" target=\"_blank\">ONG Redes da Mar\u00e9<\/a>, que atua h\u00e1 d\u00e9cadas no Complexo de Favelas da Mar\u00e9, sobretudo nas \u00e1reas de Educa\u00e7\u00e3o e Seguran\u00e7a P\u00fablica, \u00e9 uma dessas lideran\u00e7as que vem estruturando <a rel=\"noreferrer noopener\" href=\"http:\/\/redesdamare.org.br\/br\/quemsomos\/coronavirus\" target=\"_blank\">a\u00e7\u00f5es de enfrentamento ao coronav\u00edrus<\/a>.&#8221;<\/p>\n\n\n\n<p><a href=\"https:\/\/brasil.elpais.com\/sociedade\/2020-03-28\/sousa-da-redes-da-mare-quem-so-via-a-favela-pela-violencia-passou-a-enxerga-la-a-partir-do-coronavirus.html?fbclid=IwAR3s9DJeXuptk24KknlShwRi28A14SjjQIqZzhrSwprKLsXQBxAqzLOnF4w\">Continuar Lendo<\/a><\/p>\n","protected":false},"excerpt":{"rendered":"<p>Felipe Betim 28\/03\/2020 Texto publicado originalmente no El Pa\u00eds &#8220;Desde que coronav\u00edrus aterrissou no Brasil, v\u00e1rias organiza\u00e7\u00f5es da sociedade civil, ativistas e lideran\u00e7as comunit\u00e1rias est\u00e3o se mobilizando para atuar nas favelas e proteger as pessoas mais vulner\u00e1veis da pandemia. Eliana<\/p>\n","protected":false},"author":1,"featured_media":709,"comment_status":"open","ping_status":"open","sticky":false,"template":"","format":"standard","meta":{"om_disable_all_campaigns":false,"_monsterinsights_skip_tracking":false,"_monsterinsights_sitenote_active":false,"_monsterinsights_sitenote_note":"","_monsterinsights_sitenote_category":0},"categories":[2],"tags":[],"_links":{"self":[{"href":"http:\/\/en.resocie.org\/index.php\/wp-json\/wp\/v2\/posts\/680"}],"collection":[{"href":"http:\/\/en.resocie.org\/index.php\/wp-json\/wp\/v2\/posts"}],"about":[{"href":"http:\/\/en.resocie.org\/index.php\/wp-json\/wp\/v2\/types\/post"}],"author":[{"embeddable":true,"href":"http:\/\/en.resocie.org\/index.php\/wp-json\/wp\/v2\/users\/1"}],"replies":[{"embeddable":true,"href":"http:\/\/en.resocie.org\/index.php\/wp-json\/wp\/v2\/comments?post=680"}],"version-history":[{"count":0,"href":"http:\/\/en.resocie.org\/index.php\/wp-json\/wp\/v2\/posts\/680\/revisions"}],"wp:featuredmedia":[{"embeddable":true,"href":"http:\/\/en.resocie.org\/index.php\/wp-json\/wp\/v2\/media\/709"}],"wp:attachment":[{"href":"http:\/\/en.resocie.org\/index.php\/wp-json\/wp\/v2\/media?parent=680"}],"wp:term":[{"taxonomy":"category","embeddable":true,"href":"http:\/\/en.resocie.org\/index.php\/wp-json\/wp\/v2\/categories?post=680"},{"taxonomy":"post_tag","embeddable":true,"href":"http:\/\/en.resocie.org\/index.php\/wp-json\/wp\/v2\/tags?post=680"}],"curies":[{"name":"wp","href":"https:\/\/api.w.org\/{rel}","templated":true}]}}