{"id":927,"date":"2020-04-18T14:03:36","date_gmt":"2020-04-18T17:03:36","guid":{"rendered":"https:\/\/resocie.org\/?p=927"},"modified":"2020-04-18T14:03:36","modified_gmt":"2020-04-18T17:03:36","slug":"ativismo-e-politicas-publicas-durante-a-pandemia","status":"publish","type":"post","link":"http:\/\/en.resocie.org\/index.php\/2020\/04\/18\/ativismo-e-politicas-publicas-durante-a-pandemia\/","title":{"rendered":"Ativismo e Pol\u00edticas P\u00fablicas durante a Pandemia"},"content":{"rendered":"\n<p>Camila Penna (Professora do Depto de Sociologia da UFRGS): &#8220;T\u00e3o ou mais potente do que uma mudan\u00e7a de governo, o choque externo provocado pela pandemia pode levar a um realinhamento das for\u00e7as pol\u00edticas e sociais, constituindo uma janela de oportunidade pol\u00edtica para temas e atores que estavam, nos \u00faltimos anos, em franco processo de derrota na disputa por hegemonia pol\u00edtica. Ainda que de forma ef\u00eamera, enquanto dura a situa\u00e7\u00e3o de pandemia, ganha legitimidade a percep\u00e7\u00e3o de que o Estado tem papel fundamental na garantia de direitos sociais b\u00e1sicos, e ganha legitimidade o ativismo em prol desses direitos&#8221;. Continue lendo <a href=\"https:\/\/www.ufrgs.br\/ifch\/index.php\/br\/ativismo-e-politicas-publicas-durante-a-pandemia\" target=\"_blank\" rel=\"noreferrer noopener\">aqui<\/a>.<\/p>\n","protected":false},"excerpt":{"rendered":"<p>Camila Penna (Professora do Depto de Sociologia da UFRGS): &#8220;T\u00e3o ou mais potente do que uma mudan\u00e7a de governo, o choque externo provocado pela pandemia pode levar a um realinhamento das for\u00e7as pol\u00edticas e sociais, constituindo uma janela de oportunidade<\/p>\n","protected":false},"author":1,"featured_media":0,"comment_status":"open","ping_status":"open","sticky":false,"template":"","format":"standard","meta":{"om_disable_all_campaigns":false,"_monsterinsights_skip_tracking":false,"_monsterinsights_sitenote_active":false,"_monsterinsights_sitenote_note":"","_monsterinsights_sitenote_category":0},"categories":[2],"tags":[],"_links":{"self":[{"href":"http:\/\/en.resocie.org\/index.php\/wp-json\/wp\/v2\/posts\/927"}],"collection":[{"href":"http:\/\/en.resocie.org\/index.php\/wp-json\/wp\/v2\/posts"}],"about":[{"href":"http:\/\/en.resocie.org\/index.php\/wp-json\/wp\/v2\/types\/post"}],"author":[{"embeddable":true,"href":"http:\/\/en.resocie.org\/index.php\/wp-json\/wp\/v2\/users\/1"}],"replies":[{"embeddable":true,"href":"http:\/\/en.resocie.org\/index.php\/wp-json\/wp\/v2\/comments?post=927"}],"version-history":[{"count":0,"href":"http:\/\/en.resocie.org\/index.php\/wp-json\/wp\/v2\/posts\/927\/revisions"}],"wp:attachment":[{"href":"http:\/\/en.resocie.org\/index.php\/wp-json\/wp\/v2\/media?parent=927"}],"wp:term":[{"taxonomy":"category","embeddable":true,"href":"http:\/\/en.resocie.org\/index.php\/wp-json\/wp\/v2\/categories?post=927"},{"taxonomy":"post_tag","embeddable":true,"href":"http:\/\/en.resocie.org\/index.php\/wp-json\/wp\/v2\/tags?post=927"}],"curies":[{"name":"wp","href":"https:\/\/api.w.org\/{rel}","templated":true}]}}